{"id":68,"date":"2019-07-05T13:46:27","date_gmt":"2019-07-05T11:46:27","guid":{"rendered":"https:\/\/www.opamianto.com\/blog\/?p=68"},"modified":"2026-04-28T11:17:02","modified_gmt":"2026-04-28T09:17:02","slug":"jornada-el-amianto-mata-y-nos-rodea","status":"publish","type":"post","link":"https:\/\/www.opamianto.com\/blog\/amianto\/jornada-el-amianto-mata-y-nos-rodea\/","title":{"rendered":"Jornada el amianto mata y nos rodea"},"content":{"rendered":"<div class=\"fusion-fullwidth fullwidth-box fusion-builder-row-1 nonhundred-percent-fullwidth non-hundred-percent-height-scrolling\" style=\"--awb-border-radius-top-left:0px;--awb-border-radius-top-right:0px;--awb-border-radius-bottom-right:0px;--awb-border-radius-bottom-left:0px;--awb-flex-wrap:wrap;\" ><div class=\"fusion-builder-row fusion-row\"><div class=\"fusion-layout-column fusion_builder_column fusion-builder-column-0 fusion_builder_column_1_1 1_1 fusion-one-full fusion-column-first fusion-column-last\" style=\"--awb-bg-size:cover;\"><div class=\"fusion-column-wrapper fusion-column-has-shadow fusion-flex-column-wrapper-legacy\"><div class=\"fusion-title title fusion-title-1 fusion-title-text fusion-title-size-one\" style=\"--awb-margin-bottom:10px;--awb-margin-top-small:0px;--awb-margin-right-small:0px;--awb-margin-bottom-small:20px;--awb-margin-left-small:0px;\"><h1 class=\"fusion-title-heading title-heading-left fusion-responsive-typography-calculated\" style=\"margin:0;--fontSize:37.5;line-height:1.45;\">Jornada el amianto mata y nos rodea<\/h1><span class=\"awb-title-spacer\"><\/span><div class=\"title-sep-container\"><div class=\"title-sep sep- sep-solid\" style=\"border-color:#e0dede;\"><\/div><\/div><\/div><div class=\"fusion-clearfix\"><\/div><\/div><\/div><div class=\"fusion-layout-column fusion_builder_column fusion-builder-column-1 fusion_builder_column_1_1 1_1 fusion-one-full fusion-column-first fusion-column-last\" style=\"--awb-bg-size:cover;--awb-margin-bottom:0px;\"><div class=\"fusion-column-wrapper fusion-flex-column-wrapper-legacy\"><div class=\"fusion-text fusion-text-1\"><p style=\"text-align: justify;\">El pasado 13 de junio, se celebr\u00f3 en el <a href=\"https:\/\/www.recoletos-hotel.com\" target=\"_blank\" rel=\"noopener noreferrer\">Hotel Recoletos<\/a> la jornada <strong>\u201cEl amianto mata y nos rodea\u201d<\/strong>. A la misma acudieron diferentes colectivos, todos ellos muy activos en la lucha contra el amianto que todav\u00eda nos rodea.<\/p>\n<p style=\"text-align: justify;\">Las intervenciones tanto de los ponentes como del resto de asistentes, <strong>reflejaron la problem\u00e1tica actual en diferentes \u00e1mbitos<\/strong> (v\u00edctimas, expuestos actuales, desamiantado, exposici\u00f3n ambiental, procesos judiciales y sentencias, Fondo de compensaci\u00f3n, periodo de latencia, etc).<\/p>\n<\/div><div class=\"fusion-clearfix\"><\/div><\/div><\/div><div class=\"fusion-layout-column fusion_builder_column fusion-builder-column-2 fusion_builder_column_1_2 1_2 fusion-one-half fusion-column-first\" style=\"--awb-bg-size:cover;width:50%;width:calc(50% - ( ( 4% ) * 0.5 ) );margin-right: 4%;\"><div class=\"fusion-column-wrapper fusion-column-has-shadow fusion-flex-column-wrapper-legacy\"><div class=\"fusion-image-element fusion-image-align-center in-legacy-container\" style=\"text-align:center;--awb-liftup-border-radius:0px;--awb-caption-title-font-family:var(--h2_typography-font-family);--awb-caption-title-font-weight:var(--h2_typography-font-weight);--awb-caption-title-font-style:var(--h2_typography-font-style);--awb-caption-title-size:var(--h2_typography-font-size);--awb-caption-title-transform:var(--h2_typography-text-transform);--awb-caption-title-line-height:var(--h2_typography-line-height);--awb-caption-title-letter-spacing:var(--h2_typography-letter-spacing);\"><div class=\"imageframe-align-center\"><div class=\"awb-image-frame awb-image-frame-1 imageframe-liftup\"><span class=\" fusion-imageframe imageframe-none imageframe-1\"><a href=\"https:\/\/www.opamianto.com\/blog\/wp-content\/uploads\/2019\/07\/jornada-amianto.jpg\" class=\"fusion-lightbox\" data-rel=\"iLightbox[galeria]\" data-title=\"Jornada amianto\" title=\"Jornada amianto\"><img decoding=\"async\" width=\"800\" height=\"450\" alt=\"Jornada amianto\" src=\"https:\/\/www.opamianto.com\/blog\/wp-content\/uploads\/2019\/07\/jornada-amianto.jpg\" class=\"img-responsive wp-image-86\" srcset=\"https:\/\/www.opamianto.com\/blog\/wp-content\/uploads\/2019\/07\/jornada-amianto-200x113.jpg 200w, https:\/\/www.opamianto.com\/blog\/wp-content\/uploads\/2019\/07\/jornada-amianto-400x225.jpg 400w, https:\/\/www.opamianto.com\/blog\/wp-content\/uploads\/2019\/07\/jornada-amianto-600x338.jpg 600w, https:\/\/www.opamianto.com\/blog\/wp-content\/uploads\/2019\/07\/jornada-amianto.jpg 800w\" sizes=\"(max-width: 800px) 100vw, 600px\" \/><\/a><\/span><\/div><\/div><\/div><div class=\"fusion-clearfix\"><\/div><\/div><\/div><div class=\"fusion-layout-column fusion_builder_column fusion-builder-column-3 fusion_builder_column_1_2 1_2 fusion-one-half fusion-column-last\" style=\"--awb-bg-size:cover;width:50%;width:calc(50% - ( ( 4% ) * 0.5 ) );\"><div class=\"fusion-column-wrapper fusion-column-has-shadow fusion-flex-column-wrapper-legacy\"><div class=\"fusion-image-element fusion-image-align-center in-legacy-container\" style=\"text-align:center;--awb-liftup-border-radius:0px;--awb-caption-title-font-family:var(--h2_typography-font-family);--awb-caption-title-font-weight:var(--h2_typography-font-weight);--awb-caption-title-font-style:var(--h2_typography-font-style);--awb-caption-title-size:var(--h2_typography-font-size);--awb-caption-title-transform:var(--h2_typography-text-transform);--awb-caption-title-line-height:var(--h2_typography-line-height);--awb-caption-title-letter-spacing:var(--h2_typography-letter-spacing);\"><div class=\"imageframe-align-center\"><div class=\"awb-image-frame awb-image-frame-2 imageframe-liftup\"><span class=\" fusion-imageframe imageframe-none imageframe-2\"><a href=\"https:\/\/www.opamianto.com\/blog\/wp-content\/uploads\/2019\/07\/jornada-amianto-pulseras.jpg\" class=\"fusion-lightbox\" data-rel=\"iLightbox[galeria]\" data-title=\"Jornada amianto pulseras\" title=\"Jornada amianto pulseras\"><img decoding=\"async\" width=\"800\" height=\"450\" alt=\"Jornada amianto pulseras\" src=\"https:\/\/www.opamianto.com\/blog\/wp-content\/uploads\/2019\/07\/jornada-amianto-pulseras.jpg\" class=\"img-responsive wp-image-87\" srcset=\"https:\/\/www.opamianto.com\/blog\/wp-content\/uploads\/2019\/07\/jornada-amianto-pulseras-200x113.jpg 200w, https:\/\/www.opamianto.com\/blog\/wp-content\/uploads\/2019\/07\/jornada-amianto-pulseras-400x225.jpg 400w, https:\/\/www.opamianto.com\/blog\/wp-content\/uploads\/2019\/07\/jornada-amianto-pulseras-600x338.jpg 600w, https:\/\/www.opamianto.com\/blog\/wp-content\/uploads\/2019\/07\/jornada-amianto-pulseras.jpg 800w\" sizes=\"(max-width: 800px) 100vw, 600px\" \/><\/a><\/span><\/div><\/div><\/div><div class=\"fusion-clearfix\"><\/div><\/div><\/div><div class=\"fusion-layout-column fusion_builder_column fusion-builder-column-4 fusion_builder_column_1_1 1_1 fusion-one-full fusion-column-first fusion-column-last\" style=\"--awb-bg-size:cover;\"><div class=\"fusion-column-wrapper fusion-column-has-shadow fusion-flex-column-wrapper-legacy\"><div class=\"fusion-title title fusion-title-2 fusion-title-text fusion-title-size-three\" style=\"--awb-margin-top-small:0px;--awb-margin-right-small:0px;--awb-margin-bottom-small:20px;--awb-margin-left-small:0px;\"><h3 class=\"fusion-title-heading title-heading-left fusion-responsive-typography-calculated\" style=\"margin:0;--fontSize:22.5;line-height:1.41;\">Participantes de la jornada<\/h3><span class=\"awb-title-spacer\"><\/span><div class=\"title-sep-container\"><div class=\"title-sep sep- sep-solid\" style=\"border-color:#e0dede;\"><\/div><\/div><\/div><div class=\"fusion-text fusion-text-2\"><p style=\"text-align: justify;\">As\u00ed entre otros participaron:<\/p>\n<ul>\n<li style=\"text-align: justify;\">\u00c1ngel C\u00e1rcoba que indic\u00f3 que <strong>en Espa\u00f1a, se ha avanzado bastante en temas de amianto<\/strong> pero falta todav\u00eda m\u00e1s activismo social.<\/li>\n<li style=\"text-align: justify;\">Joaqu\u00edn Ortega que habl\u00f3 entre otras cosas, de una nueva norma UNE sobre la Retirada de Amianto.<\/li>\n<li style=\"text-align: justify;\">Ricardo Torregrosa que nos habl\u00f3 de la situaci\u00f3n tan particular que sufren los afectados de Repsol en Cartagena.<\/li>\n<li style=\"text-align: justify;\">Jos\u00e9 Miguel Sanz Anquela que habl\u00f3 de la evoluci\u00f3n de las periciales.<\/li>\n<li style=\"text-align: justify;\">Mariano Acevedo que, desde Argentina, nos inform\u00f3 de c\u00f3mo est\u00e1 la situaci\u00f3n del Subte.<\/li>\n<li style=\"text-align: justify;\">Fernando Blanco, que reflej\u00f3 la situaci\u00f3n actual respecto al desamiantado, donde los trabajadores siguen hoy en d\u00eda expuestos.<\/li>\n<\/ul>\n<p style=\"text-align: justify;\">Fue interesante conocer casos particulares, espec\u00edficos y experiencias personales de varios sectores que contribuyen a dar m\u00e1s visibilidad al amianto que nos rodea y conseguir que las v\u00edctimas se vean recompensadas y reconocidas por el da\u00f1o sufrido.<\/p>\n<p style=\"text-align: justify;\">Queda mucho por hacer como <strong>fomentar la investigaci\u00f3n de las enfermedades relacionadas<\/strong>, denunciar los vertidos e ilegalidades, exigir un correcto desamiantado, luchar por la creaci\u00f3n del Fondo de Compensaci\u00f3n e <a href=\"https:\/\/www.opamianto.com\/amianto\/que-es-el-amianto\" target=\"_blank\" rel=\"noopener noreferrer\">informar a los expuestos actuales de la peligrosidad<\/a> de esa exposici\u00f3n.<\/p>\n<p style=\"text-align: justify;\">Ahora bien, hay que tener en cuenta que se ha avanzado mucho pues no en vano se ha conseguido que este problema sea mucho m\u00e1s visible que hace unos a\u00f1os y que haya cada vez m\u00e1s sentencias estimatorias por parte de los Tribunales. Seguiremos reivindicando justicia y creando conciencia social.<\/p>\n<\/div><div class=\"fusion-clearfix\"><\/div><\/div><\/div><\/div><\/div>\n","protected":false},"excerpt":{"rendered":"","protected":false},"author":1,"featured_media":86,"comment_status":"closed","ping_status":"closed","sticky":false,"template":"","format":"standard","meta":{"footnotes":""},"categories":[4],"tags":[],"class_list":["post-68","post","type-post","status-publish","format-standard","has-post-thumbnail","hentry","category-amianto"],"yoast_head":"<!-- This site is optimized with the Yoast SEO plugin v27.5 - https:\/\/yoast.com\/product\/yoast-seo-wordpress\/ -->\n<title>Jornada el amianto mata y nos rodea - Opamianto Blog<\/title>\n<meta name=\"description\" content=\"Cleebraci\u00f3n de la jornada \u201cEl amianto mata y nos rodea\u201d, a la cual acudieron diferentes colectivos, todos ellos muy activos en la lucha contra el amianto.\" \/>\n<meta name=\"robots\" content=\"index, follow, max-snippet:-1, max-image-preview:large, max-video-preview:-1\" \/>\n<link rel=\"canonical\" href=\"https:\/\/www.opamianto.com\/blog\/amianto\/jornada-el-amianto-mata-y-nos-rodea\/\" \/>\n<meta property=\"og:locale\" content=\"es_ES\" \/>\n<meta property=\"og:type\" content=\"article\" \/>\n<meta property=\"og:title\" content=\"Jornada el amianto mata y nos rodea - Opamianto Blog\" \/>\n<meta property=\"og:description\" content=\"Cleebraci\u00f3n de la jornada \u201cEl amianto mata y nos rodea\u201d, a la cual acudieron diferentes colectivos, todos ellos muy activos en la lucha contra el amianto.\" \/>\n<meta property=\"og:url\" content=\"https:\/\/www.opamianto.com\/blog\/amianto\/jornada-el-amianto-mata-y-nos-rodea\/\" \/>\n<meta property=\"og:site_name\" content=\"Opamianto Blog\" \/>\n<meta property=\"article:published_time\" content=\"2019-07-05T11:46:27+00:00\" \/>\n<meta property=\"article:modified_time\" content=\"2026-04-28T09:17:02+00:00\" \/>\n<meta property=\"og:image\" content=\"https:\/\/www.opamianto.com\/blog\/wp-content\/uploads\/2019\/07\/jornada-amianto.jpg\" \/>\n\t<meta property=\"og:image:width\" content=\"800\" \/>\n\t<meta property=\"og:image:height\" content=\"450\" \/>\n\t<meta property=\"og:image:type\" content=\"image\/jpeg\" \/>\n<meta name=\"author\" content=\"Opamianto\" \/>\n<meta name=\"twitter:card\" content=\"summary_large_image\" \/>\n<meta name=\"twitter:label1\" content=\"Escrito por\" \/>\n\t<meta name=\"twitter:data1\" content=\"Opamianto\" \/>\n\t<meta name=\"twitter:label2\" content=\"Tiempo de lectura\" \/>\n\t<meta name=\"twitter:data2\" content=\"6 minutos\" \/>\n<script type=\"application\/ld+json\" class=\"yoast-schema-graph\">{\"@context\":\"https:\\\/\\\/schema.org\",\"@graph\":[{\"@type\":\"Article\",\"@id\":\"https:\\\/\\\/www.opamianto.com\\\/blog\\\/amianto\\\/jornada-el-amianto-mata-y-nos-rodea\\\/#article\",\"isPartOf\":{\"@id\":\"https:\\\/\\\/www.opamianto.com\\\/blog\\\/amianto\\\/jornada-el-amianto-mata-y-nos-rodea\\\/\"},\"author\":{\"name\":\"Opamianto\",\"@id\":\"https:\\\/\\\/www.opamianto.com\\\/blog\\\/#\\\/schema\\\/person\\\/9d386fcadb23d1b92ef8509d839ac5a3\"},\"headline\":\"Jornada el amianto mata y nos rodea\",\"datePublished\":\"2019-07-05T11:46:27+00:00\",\"dateModified\":\"2026-04-28T09:17:02+00:00\",\"mainEntityOfPage\":{\"@id\":\"https:\\\/\\\/www.opamianto.com\\\/blog\\\/amianto\\\/jornada-el-amianto-mata-y-nos-rodea\\\/\"},\"wordCount\":1136,\"image\":{\"@id\":\"https:\\\/\\\/www.opamianto.com\\\/blog\\\/amianto\\\/jornada-el-amianto-mata-y-nos-rodea\\\/#primaryimage\"},\"thumbnailUrl\":\"https:\\\/\\\/www.opamianto.com\\\/blog\\\/wp-content\\\/uploads\\\/2019\\\/07\\\/jornada-amianto.jpg\",\"articleSection\":[\"Amianto\"],\"inLanguage\":\"es\"},{\"@type\":\"WebPage\",\"@id\":\"https:\\\/\\\/www.opamianto.com\\\/blog\\\/amianto\\\/jornada-el-amianto-mata-y-nos-rodea\\\/\",\"url\":\"https:\\\/\\\/www.opamianto.com\\\/blog\\\/amianto\\\/jornada-el-amianto-mata-y-nos-rodea\\\/\",\"name\":\"Jornada el amianto mata y nos rodea - Opamianto Blog\",\"isPartOf\":{\"@id\":\"https:\\\/\\\/www.opamianto.com\\\/blog\\\/#website\"},\"primaryImageOfPage\":{\"@id\":\"https:\\\/\\\/www.opamianto.com\\\/blog\\\/amianto\\\/jornada-el-amianto-mata-y-nos-rodea\\\/#primaryimage\"},\"image\":{\"@id\":\"https:\\\/\\\/www.opamianto.com\\\/blog\\\/amianto\\\/jornada-el-amianto-mata-y-nos-rodea\\\/#primaryimage\"},\"thumbnailUrl\":\"https:\\\/\\\/www.opamianto.com\\\/blog\\\/wp-content\\\/uploads\\\/2019\\\/07\\\/jornada-amianto.jpg\",\"datePublished\":\"2019-07-05T11:46:27+00:00\",\"dateModified\":\"2026-04-28T09:17:02+00:00\",\"author\":{\"@id\":\"https:\\\/\\\/www.opamianto.com\\\/blog\\\/#\\\/schema\\\/person\\\/9d386fcadb23d1b92ef8509d839ac5a3\"},\"description\":\"Cleebraci\u00f3n de la jornada \u201cEl amianto mata y nos rodea\u201d, a la cual acudieron diferentes colectivos, todos ellos muy activos en la lucha contra el amianto.\",\"breadcrumb\":{\"@id\":\"https:\\\/\\\/www.opamianto.com\\\/blog\\\/amianto\\\/jornada-el-amianto-mata-y-nos-rodea\\\/#breadcrumb\"},\"inLanguage\":\"es\",\"potentialAction\":[{\"@type\":\"ReadAction\",\"target\":[\"https:\\\/\\\/www.opamianto.com\\\/blog\\\/amianto\\\/jornada-el-amianto-mata-y-nos-rodea\\\/\"]}]},{\"@type\":\"ImageObject\",\"inLanguage\":\"es\",\"@id\":\"https:\\\/\\\/www.opamianto.com\\\/blog\\\/amianto\\\/jornada-el-amianto-mata-y-nos-rodea\\\/#primaryimage\",\"url\":\"https:\\\/\\\/www.opamianto.com\\\/blog\\\/wp-content\\\/uploads\\\/2019\\\/07\\\/jornada-amianto.jpg\",\"contentUrl\":\"https:\\\/\\\/www.opamianto.com\\\/blog\\\/wp-content\\\/uploads\\\/2019\\\/07\\\/jornada-amianto.jpg\",\"width\":800,\"height\":450,\"caption\":\"Jornada amianto\"},{\"@type\":\"BreadcrumbList\",\"@id\":\"https:\\\/\\\/www.opamianto.com\\\/blog\\\/amianto\\\/jornada-el-amianto-mata-y-nos-rodea\\\/#breadcrumb\",\"itemListElement\":[{\"@type\":\"ListItem\",\"position\":1,\"name\":\"Portada\",\"item\":\"https:\\\/\\\/www.opamianto.com\\\/blog\\\/\"},{\"@type\":\"ListItem\",\"position\":2,\"name\":\"Jornada el amianto mata y nos rodea\"}]},{\"@type\":\"WebSite\",\"@id\":\"https:\\\/\\\/www.opamianto.com\\\/blog\\\/#website\",\"url\":\"https:\\\/\\\/www.opamianto.com\\\/blog\\\/\",\"name\":\"Opamianto Blog\",\"description\":\"Otro sitio realizado con WordPress\",\"potentialAction\":[{\"@type\":\"SearchAction\",\"target\":{\"@type\":\"EntryPoint\",\"urlTemplate\":\"https:\\\/\\\/www.opamianto.com\\\/blog\\\/?s={search_term_string}\"},\"query-input\":{\"@type\":\"PropertyValueSpecification\",\"valueRequired\":true,\"valueName\":\"search_term_string\"}}],\"inLanguage\":\"es\"},{\"@type\":\"Person\",\"@id\":\"https:\\\/\\\/www.opamianto.com\\\/blog\\\/#\\\/schema\\\/person\\\/9d386fcadb23d1b92ef8509d839ac5a3\",\"name\":\"Opamianto\",\"url\":\"https:\\\/\\\/www.opamianto.com\\\/blog\\\/author\\\/opamianto\\\/\"}]}<\/script>\n<!-- \/ Yoast SEO plugin. -->","yoast_head_json":{"title":"Jornada el amianto mata y nos rodea - Opamianto Blog","description":"Cleebraci\u00f3n de la jornada \u201cEl amianto mata y nos rodea\u201d, a la cual acudieron diferentes colectivos, todos ellos muy activos en la lucha contra el amianto.","robots":{"index":"index","follow":"follow","max-snippet":"max-snippet:-1","max-image-preview":"max-image-preview:large","max-video-preview":"max-video-preview:-1"},"canonical":"https:\/\/www.opamianto.com\/blog\/amianto\/jornada-el-amianto-mata-y-nos-rodea\/","og_locale":"es_ES","og_type":"article","og_title":"Jornada el amianto mata y nos rodea - Opamianto Blog","og_description":"Cleebraci\u00f3n de la jornada \u201cEl amianto mata y nos rodea\u201d, a la cual acudieron diferentes colectivos, todos ellos muy activos en la lucha contra el amianto.","og_url":"https:\/\/www.opamianto.com\/blog\/amianto\/jornada-el-amianto-mata-y-nos-rodea\/","og_site_name":"Opamianto Blog","article_published_time":"2019-07-05T11:46:27+00:00","article_modified_time":"2026-04-28T09:17:02+00:00","og_image":[{"width":800,"height":450,"url":"https:\/\/www.opamianto.com\/blog\/wp-content\/uploads\/2019\/07\/jornada-amianto.jpg","type":"image\/jpeg"}],"author":"Opamianto","twitter_card":"summary_large_image","twitter_misc":{"Escrito por":"Opamianto","Tiempo de lectura":"6 minutos"},"schema":{"@context":"https:\/\/schema.org","@graph":[{"@type":"Article","@id":"https:\/\/www.opamianto.com\/blog\/amianto\/jornada-el-amianto-mata-y-nos-rodea\/#article","isPartOf":{"@id":"https:\/\/www.opamianto.com\/blog\/amianto\/jornada-el-amianto-mata-y-nos-rodea\/"},"author":{"name":"Opamianto","@id":"https:\/\/www.opamianto.com\/blog\/#\/schema\/person\/9d386fcadb23d1b92ef8509d839ac5a3"},"headline":"Jornada el amianto mata y nos rodea","datePublished":"2019-07-05T11:46:27+00:00","dateModified":"2026-04-28T09:17:02+00:00","mainEntityOfPage":{"@id":"https:\/\/www.opamianto.com\/blog\/amianto\/jornada-el-amianto-mata-y-nos-rodea\/"},"wordCount":1136,"image":{"@id":"https:\/\/www.opamianto.com\/blog\/amianto\/jornada-el-amianto-mata-y-nos-rodea\/#primaryimage"},"thumbnailUrl":"https:\/\/www.opamianto.com\/blog\/wp-content\/uploads\/2019\/07\/jornada-amianto.jpg","articleSection":["Amianto"],"inLanguage":"es"},{"@type":"WebPage","@id":"https:\/\/www.opamianto.com\/blog\/amianto\/jornada-el-amianto-mata-y-nos-rodea\/","url":"https:\/\/www.opamianto.com\/blog\/amianto\/jornada-el-amianto-mata-y-nos-rodea\/","name":"Jornada el amianto mata y nos rodea - Opamianto Blog","isPartOf":{"@id":"https:\/\/www.opamianto.com\/blog\/#website"},"primaryImageOfPage":{"@id":"https:\/\/www.opamianto.com\/blog\/amianto\/jornada-el-amianto-mata-y-nos-rodea\/#primaryimage"},"image":{"@id":"https:\/\/www.opamianto.com\/blog\/amianto\/jornada-el-amianto-mata-y-nos-rodea\/#primaryimage"},"thumbnailUrl":"https:\/\/www.opamianto.com\/blog\/wp-content\/uploads\/2019\/07\/jornada-amianto.jpg","datePublished":"2019-07-05T11:46:27+00:00","dateModified":"2026-04-28T09:17:02+00:00","author":{"@id":"https:\/\/www.opamianto.com\/blog\/#\/schema\/person\/9d386fcadb23d1b92ef8509d839ac5a3"},"description":"Cleebraci\u00f3n de la jornada \u201cEl amianto mata y nos rodea\u201d, a la cual acudieron diferentes colectivos, todos ellos muy activos en la lucha contra el amianto.","breadcrumb":{"@id":"https:\/\/www.opamianto.com\/blog\/amianto\/jornada-el-amianto-mata-y-nos-rodea\/#breadcrumb"},"inLanguage":"es","potentialAction":[{"@type":"ReadAction","target":["https:\/\/www.opamianto.com\/blog\/amianto\/jornada-el-amianto-mata-y-nos-rodea\/"]}]},{"@type":"ImageObject","inLanguage":"es","@id":"https:\/\/www.opamianto.com\/blog\/amianto\/jornada-el-amianto-mata-y-nos-rodea\/#primaryimage","url":"https:\/\/www.opamianto.com\/blog\/wp-content\/uploads\/2019\/07\/jornada-amianto.jpg","contentUrl":"https:\/\/www.opamianto.com\/blog\/wp-content\/uploads\/2019\/07\/jornada-amianto.jpg","width":800,"height":450,"caption":"Jornada amianto"},{"@type":"BreadcrumbList","@id":"https:\/\/www.opamianto.com\/blog\/amianto\/jornada-el-amianto-mata-y-nos-rodea\/#breadcrumb","itemListElement":[{"@type":"ListItem","position":1,"name":"Portada","item":"https:\/\/www.opamianto.com\/blog\/"},{"@type":"ListItem","position":2,"name":"Jornada el amianto mata y nos rodea"}]},{"@type":"WebSite","@id":"https:\/\/www.opamianto.com\/blog\/#website","url":"https:\/\/www.opamianto.com\/blog\/","name":"Opamianto Blog","description":"Otro sitio realizado con WordPress","potentialAction":[{"@type":"SearchAction","target":{"@type":"EntryPoint","urlTemplate":"https:\/\/www.opamianto.com\/blog\/?s={search_term_string}"},"query-input":{"@type":"PropertyValueSpecification","valueRequired":true,"valueName":"search_term_string"}}],"inLanguage":"es"},{"@type":"Person","@id":"https:\/\/www.opamianto.com\/blog\/#\/schema\/person\/9d386fcadb23d1b92ef8509d839ac5a3","name":"Opamianto","url":"https:\/\/www.opamianto.com\/blog\/author\/opamianto\/"}]}},"_links":{"self":[{"href":"https:\/\/www.opamianto.com\/blog\/wp-json\/wp\/v2\/posts\/68","targetHints":{"allow":["GET"]}}],"collection":[{"href":"https:\/\/www.opamianto.com\/blog\/wp-json\/wp\/v2\/posts"}],"about":[{"href":"https:\/\/www.opamianto.com\/blog\/wp-json\/wp\/v2\/types\/post"}],"author":[{"embeddable":true,"href":"https:\/\/www.opamianto.com\/blog\/wp-json\/wp\/v2\/users\/1"}],"replies":[{"embeddable":true,"href":"https:\/\/www.opamianto.com\/blog\/wp-json\/wp\/v2\/comments?post=68"}],"version-history":[{"count":10,"href":"https:\/\/www.opamianto.com\/blog\/wp-json\/wp\/v2\/posts\/68\/revisions"}],"predecessor-version":[{"id":105,"href":"https:\/\/www.opamianto.com\/blog\/wp-json\/wp\/v2\/posts\/68\/revisions\/105"}],"wp:featuredmedia":[{"embeddable":true,"href":"https:\/\/www.opamianto.com\/blog\/wp-json\/wp\/v2\/media\/86"}],"wp:attachment":[{"href":"https:\/\/www.opamianto.com\/blog\/wp-json\/wp\/v2\/media?parent=68"}],"wp:term":[{"taxonomy":"category","embeddable":true,"href":"https:\/\/www.opamianto.com\/blog\/wp-json\/wp\/v2\/categories?post=68"},{"taxonomy":"post_tag","embeddable":true,"href":"https:\/\/www.opamianto.com\/blog\/wp-json\/wp\/v2\/tags?post=68"}],"curies":[{"name":"wp","href":"https:\/\/api.w.org\/{rel}","templated":true}]}}