{"id":63,"date":"2019-07-05T13:41:29","date_gmt":"2019-07-05T11:41:29","guid":{"rendered":"https:\/\/www.opamianto.com\/blog\/?p=63"},"modified":"2026-04-28T11:17:02","modified_gmt":"2026-04-28T09:17:02","slug":"estamos-expuestos-los-usuarios-de-metro-al-amianto","status":"publish","type":"post","link":"https:\/\/www.opamianto.com\/blog\/amianto\/estamos-expuestos-los-usuarios-de-metro-al-amianto\/","title":{"rendered":"\u00bfEstamos expuestos los usuarios de Metro al amianto?"},"content":{"rendered":"<div class=\"fusion-fullwidth fullwidth-box fusion-builder-row-1 nonhundred-percent-fullwidth non-hundred-percent-height-scrolling\" style=\"--awb-border-radius-top-left:0px;--awb-border-radius-top-right:0px;--awb-border-radius-bottom-right:0px;--awb-border-radius-bottom-left:0px;--awb-flex-wrap:wrap;\" ><div class=\"fusion-builder-row fusion-row\"><div class=\"fusion-layout-column fusion_builder_column fusion-builder-column-0 fusion_builder_column_1_1 1_1 fusion-one-full fusion-column-first fusion-column-last\" style=\"--awb-bg-size:cover;\"><div class=\"fusion-column-wrapper fusion-column-has-shadow fusion-flex-column-wrapper-legacy\"><div class=\"fusion-title title fusion-title-1 fusion-title-text fusion-title-size-one\" style=\"--awb-margin-bottom:10px;--awb-margin-top-small:0px;--awb-margin-right-small:0px;--awb-margin-bottom-small:20px;--awb-margin-left-small:0px;\"><h1 class=\"fusion-title-heading title-heading-left fusion-responsive-typography-calculated\" style=\"margin:0;--fontSize:37.5;line-height:1.45;\">\u00bfEstamos expuestos los usuarios de Metro al amianto?<\/h1><span class=\"awb-title-spacer\"><\/span><div class=\"title-sep-container\"><div class=\"title-sep sep- sep-solid\" style=\"border-color:#e0dede;\"><\/div><\/div><\/div><div class=\"fusion-clearfix\"><\/div><\/div><\/div><div class=\"fusion-layout-column fusion_builder_column fusion-builder-column-1 fusion_builder_column_1_1 1_1 fusion-one-full fusion-column-first fusion-column-last\" style=\"--awb-bg-size:cover;\"><div class=\"fusion-column-wrapper fusion-column-has-shadow fusion-flex-column-wrapper-legacy\"><div class=\"fusion-text fusion-text-1\"><p style=\"text-align: justify;\">Las autoridades sanitarias demostraron a finales del siglo XX que las fibras de asbesto (<strong>amianto<\/strong>) son altamente cancer\u00edgenas y, a ra\u00edz de ello, la mayor\u00eda de pa\u00edses desarrollados decidieron prohibir su utilizaci\u00f3n a partir de 2003.<\/p>\n<p style=\"text-align: justify;\">Son varias las enfermedades relacionadas con la <a href=\"https:\/\/www.opamianto.com\/amianto\/\" target=\"_blank\" rel=\"noopener noreferrer\">exposici\u00f3n al amianto<\/a>. Son enfermedades tales como el <strong>mesotelioma<\/strong>, la <strong>asbestosis<\/strong> o el c\u00e1ncer de pulm\u00f3n y de laringe, siendo que merecen el reconocimiento de <strong>\u201cenfermedad profesional\u201d<\/strong> si bien hay que tener en cuenta que aparecen tras 20 \u2013 30 a\u00f1os despu\u00e9s de la exposici\u00f3n al mineral asesino.<\/p>\n<\/div><div class=\"fusion-image-element fusion-image-align-center in-legacy-container\" style=\"text-align:center;--awb-caption-title-font-family:var(--h2_typography-font-family);--awb-caption-title-font-weight:var(--h2_typography-font-weight);--awb-caption-title-font-style:var(--h2_typography-font-style);--awb-caption-title-size:var(--h2_typography-font-size);--awb-caption-title-transform:var(--h2_typography-text-transform);--awb-caption-title-line-height:var(--h2_typography-line-height);--awb-caption-title-letter-spacing:var(--h2_typography-letter-spacing);\"><div class=\"imageframe-align-center\"><span class=\" fusion-imageframe imageframe-none imageframe-1 hover-type-none\"><img decoding=\"async\" width=\"800\" height=\"450\" alt=\"Amianto metro Madrid\" title=\"Amianto metro Madrid\" src=\"https:\/\/www.opamianto.com\/blog\/wp-content\/uploads\/2019\/07\/metro-amianto-madrid.jpg\" class=\"img-responsive wp-image-64\" srcset=\"https:\/\/www.opamianto.com\/blog\/wp-content\/uploads\/2019\/07\/metro-amianto-madrid-200x113.jpg 200w, https:\/\/www.opamianto.com\/blog\/wp-content\/uploads\/2019\/07\/metro-amianto-madrid-400x225.jpg 400w, https:\/\/www.opamianto.com\/blog\/wp-content\/uploads\/2019\/07\/metro-amianto-madrid-600x338.jpg 600w, https:\/\/www.opamianto.com\/blog\/wp-content\/uploads\/2019\/07\/metro-amianto-madrid.jpg 800w\" sizes=\"(max-width: 800px) 100vw, 800px\" \/><\/span><\/div><\/div><div class=\"fusion-clearfix\"><\/div><\/div><\/div><div class=\"fusion-layout-column fusion_builder_column fusion-builder-column-2 fusion_builder_column_1_1 1_1 fusion-one-full fusion-column-first fusion-column-last\" style=\"--awb-bg-size:cover;\"><div class=\"fusion-column-wrapper fusion-column-has-shadow fusion-flex-column-wrapper-legacy\"><div class=\"fusion-title title fusion-title-2 fusion-title-text fusion-title-size-three\" style=\"--awb-margin-top-small:0px;--awb-margin-right-small:0px;--awb-margin-bottom-small:20px;--awb-margin-left-small:0px;\"><h3 class=\"fusion-title-heading title-heading-left fusion-responsive-typography-calculated\" style=\"margin:0;--fontSize:22.5;line-height:1.41;\">Exposici\u00f3n en el metro de Madrid<\/h3><span class=\"awb-title-spacer\"><\/span><div class=\"title-sep-container\"><div class=\"title-sep sep- sep-solid\" style=\"border-color:#e0dede;\"><\/div><\/div><\/div><div class=\"fusion-text fusion-text-2\"><p style=\"text-align: justify;\">Hace unos meses, sali\u00f3 a la luz el primer caso de un trabajador de Metro que falleci\u00f3 por su <strong>exposici\u00f3n<\/strong> mientras trabajaba para esta empresa.<\/p>\n<p style=\"text-align: justify;\">Metro ha indemnizado a su viuda pero, como usuarios, nos preguntamos si sigue habiendo amianto en Metro y por tanto, si estamos expuestos.<\/p>\n<p style=\"text-align: justify;\">Seg\u00fan un informe, una de cada tres estaciones del <a href=\"https:\/\/www.metromadrid.es\/es\" target=\"_blank\" rel=\"noopener noreferrer\">metro de Madrid<\/a> en el 2003 ten\u00eda part\u00edculas procedentes del amianto en el aire y seg\u00fan los informes actuales, a\u00fan existe amianto en metros antiguos que siguen funcionando.<\/p>\n<p style=\"text-align: justify;\">Metro asegura que los pasajeros no est\u00e1n expuestos ya que el componente cancer\u00edgeno se encuentra en la parte inferior de los trenes, pero hay que tener en cuenta que se ha encontrado amianto en las estaciones y en la pintura de los vagones por lo tanto, cabe preguntarnos si de verdad no estamos expuestos cada vez que usamos el Metro.<\/p>\n<\/div><div class=\"fusion-clearfix\"><\/div><\/div><\/div><\/div><\/div>\n","protected":false},"excerpt":{"rendered":"","protected":false},"author":1,"featured_media":64,"comment_status":"closed","ping_status":"closed","sticky":false,"template":"","format":"standard","meta":{"footnotes":""},"categories":[4],"tags":[],"class_list":["post-63","post","type-post","status-publish","format-standard","has-post-thumbnail","hentry","category-amianto"],"yoast_head":"<!-- This site is optimized with the Yoast SEO plugin v27.5 - https:\/\/yoast.com\/product\/yoast-seo-wordpress\/ -->\n<title>\u00bfEstamos expuestos los usuarios de Metro al amianto? - Opamianto Blog<\/title>\n<meta name=\"description\" content=\"Hace unos meses, sali\u00f3 a la luz el primer caso de un trabajador de Metro que falleci\u00f3 por su exposici\u00f3n al amianto mientras trabajaba para esta empresa.\" \/>\n<meta name=\"robots\" content=\"index, follow, max-snippet:-1, max-image-preview:large, max-video-preview:-1\" \/>\n<link rel=\"canonical\" href=\"https:\/\/www.opamianto.com\/blog\/amianto\/estamos-expuestos-los-usuarios-de-metro-al-amianto\/\" \/>\n<meta property=\"og:locale\" content=\"es_ES\" \/>\n<meta property=\"og:type\" content=\"article\" \/>\n<meta property=\"og:title\" content=\"\u00bfEstamos expuestos los usuarios de Metro al amianto? - Opamianto Blog\" \/>\n<meta property=\"og:description\" content=\"Hace unos meses, sali\u00f3 a la luz el primer caso de un trabajador de Metro que falleci\u00f3 por su exposici\u00f3n al amianto mientras trabajaba para esta empresa.\" \/>\n<meta property=\"og:url\" content=\"https:\/\/www.opamianto.com\/blog\/amianto\/estamos-expuestos-los-usuarios-de-metro-al-amianto\/\" \/>\n<meta property=\"og:site_name\" content=\"Opamianto Blog\" \/>\n<meta property=\"article:published_time\" content=\"2019-07-05T11:41:29+00:00\" \/>\n<meta property=\"article:modified_time\" content=\"2026-04-28T09:17:02+00:00\" \/>\n<meta property=\"og:image\" content=\"https:\/\/www.opamianto.com\/blog\/wp-content\/uploads\/2019\/07\/metro-amianto-madrid.jpg\" \/>\n\t<meta property=\"og:image:width\" content=\"800\" \/>\n\t<meta property=\"og:image:height\" content=\"450\" \/>\n\t<meta property=\"og:image:type\" content=\"image\/jpeg\" \/>\n<meta name=\"author\" content=\"Opamianto\" \/>\n<meta name=\"twitter:card\" content=\"summary_large_image\" \/>\n<meta name=\"twitter:label1\" content=\"Escrito por\" \/>\n\t<meta name=\"twitter:data1\" content=\"Opamianto\" \/>\n\t<meta name=\"twitter:label2\" content=\"Tiempo de lectura\" \/>\n\t<meta name=\"twitter:data2\" content=\"4 minutos\" \/>\n<script type=\"application\/ld+json\" class=\"yoast-schema-graph\">{\"@context\":\"https:\\\/\\\/schema.org\",\"@graph\":[{\"@type\":\"Article\",\"@id\":\"https:\\\/\\\/www.opamianto.com\\\/blog\\\/amianto\\\/estamos-expuestos-los-usuarios-de-metro-al-amianto\\\/#article\",\"isPartOf\":{\"@id\":\"https:\\\/\\\/www.opamianto.com\\\/blog\\\/amianto\\\/estamos-expuestos-los-usuarios-de-metro-al-amianto\\\/\"},\"author\":{\"name\":\"Opamianto\",\"@id\":\"https:\\\/\\\/www.opamianto.com\\\/blog\\\/#\\\/schema\\\/person\\\/9d386fcadb23d1b92ef8509d839ac5a3\"},\"headline\":\"\u00bfEstamos expuestos los usuarios de Metro al amianto?\",\"datePublished\":\"2019-07-05T11:41:29+00:00\",\"dateModified\":\"2026-04-28T09:17:02+00:00\",\"mainEntityOfPage\":{\"@id\":\"https:\\\/\\\/www.opamianto.com\\\/blog\\\/amianto\\\/estamos-expuestos-los-usuarios-de-metro-al-amianto\\\/\"},\"wordCount\":850,\"image\":{\"@id\":\"https:\\\/\\\/www.opamianto.com\\\/blog\\\/amianto\\\/estamos-expuestos-los-usuarios-de-metro-al-amianto\\\/#primaryimage\"},\"thumbnailUrl\":\"https:\\\/\\\/www.opamianto.com\\\/blog\\\/wp-content\\\/uploads\\\/2019\\\/07\\\/metro-amianto-madrid.jpg\",\"articleSection\":[\"Amianto\"],\"inLanguage\":\"es\"},{\"@type\":\"WebPage\",\"@id\":\"https:\\\/\\\/www.opamianto.com\\\/blog\\\/amianto\\\/estamos-expuestos-los-usuarios-de-metro-al-amianto\\\/\",\"url\":\"https:\\\/\\\/www.opamianto.com\\\/blog\\\/amianto\\\/estamos-expuestos-los-usuarios-de-metro-al-amianto\\\/\",\"name\":\"\u00bfEstamos expuestos los usuarios de Metro al amianto? - Opamianto Blog\",\"isPartOf\":{\"@id\":\"https:\\\/\\\/www.opamianto.com\\\/blog\\\/#website\"},\"primaryImageOfPage\":{\"@id\":\"https:\\\/\\\/www.opamianto.com\\\/blog\\\/amianto\\\/estamos-expuestos-los-usuarios-de-metro-al-amianto\\\/#primaryimage\"},\"image\":{\"@id\":\"https:\\\/\\\/www.opamianto.com\\\/blog\\\/amianto\\\/estamos-expuestos-los-usuarios-de-metro-al-amianto\\\/#primaryimage\"},\"thumbnailUrl\":\"https:\\\/\\\/www.opamianto.com\\\/blog\\\/wp-content\\\/uploads\\\/2019\\\/07\\\/metro-amianto-madrid.jpg\",\"datePublished\":\"2019-07-05T11:41:29+00:00\",\"dateModified\":\"2026-04-28T09:17:02+00:00\",\"author\":{\"@id\":\"https:\\\/\\\/www.opamianto.com\\\/blog\\\/#\\\/schema\\\/person\\\/9d386fcadb23d1b92ef8509d839ac5a3\"},\"description\":\"Hace unos meses, sali\u00f3 a la luz el primer caso de un trabajador de Metro que falleci\u00f3 por su exposici\u00f3n al amianto mientras trabajaba para esta empresa.\",\"breadcrumb\":{\"@id\":\"https:\\\/\\\/www.opamianto.com\\\/blog\\\/amianto\\\/estamos-expuestos-los-usuarios-de-metro-al-amianto\\\/#breadcrumb\"},\"inLanguage\":\"es\",\"potentialAction\":[{\"@type\":\"ReadAction\",\"target\":[\"https:\\\/\\\/www.opamianto.com\\\/blog\\\/amianto\\\/estamos-expuestos-los-usuarios-de-metro-al-amianto\\\/\"]}]},{\"@type\":\"ImageObject\",\"inLanguage\":\"es\",\"@id\":\"https:\\\/\\\/www.opamianto.com\\\/blog\\\/amianto\\\/estamos-expuestos-los-usuarios-de-metro-al-amianto\\\/#primaryimage\",\"url\":\"https:\\\/\\\/www.opamianto.com\\\/blog\\\/wp-content\\\/uploads\\\/2019\\\/07\\\/metro-amianto-madrid.jpg\",\"contentUrl\":\"https:\\\/\\\/www.opamianto.com\\\/blog\\\/wp-content\\\/uploads\\\/2019\\\/07\\\/metro-amianto-madrid.jpg\",\"width\":800,\"height\":450,\"caption\":\"Amianto metro Madrid\"},{\"@type\":\"BreadcrumbList\",\"@id\":\"https:\\\/\\\/www.opamianto.com\\\/blog\\\/amianto\\\/estamos-expuestos-los-usuarios-de-metro-al-amianto\\\/#breadcrumb\",\"itemListElement\":[{\"@type\":\"ListItem\",\"position\":1,\"name\":\"Portada\",\"item\":\"https:\\\/\\\/www.opamianto.com\\\/blog\\\/\"},{\"@type\":\"ListItem\",\"position\":2,\"name\":\"\u00bfEstamos expuestos los usuarios de Metro al amianto?\"}]},{\"@type\":\"WebSite\",\"@id\":\"https:\\\/\\\/www.opamianto.com\\\/blog\\\/#website\",\"url\":\"https:\\\/\\\/www.opamianto.com\\\/blog\\\/\",\"name\":\"Opamianto Blog\",\"description\":\"Otro sitio realizado con WordPress\",\"potentialAction\":[{\"@type\":\"SearchAction\",\"target\":{\"@type\":\"EntryPoint\",\"urlTemplate\":\"https:\\\/\\\/www.opamianto.com\\\/blog\\\/?s={search_term_string}\"},\"query-input\":{\"@type\":\"PropertyValueSpecification\",\"valueRequired\":true,\"valueName\":\"search_term_string\"}}],\"inLanguage\":\"es\"},{\"@type\":\"Person\",\"@id\":\"https:\\\/\\\/www.opamianto.com\\\/blog\\\/#\\\/schema\\\/person\\\/9d386fcadb23d1b92ef8509d839ac5a3\",\"name\":\"Opamianto\",\"url\":\"https:\\\/\\\/www.opamianto.com\\\/blog\\\/author\\\/opamianto\\\/\"}]}<\/script>\n<!-- \/ Yoast SEO plugin. -->","yoast_head_json":{"title":"\u00bfEstamos expuestos los usuarios de Metro al amianto? - Opamianto Blog","description":"Hace unos meses, sali\u00f3 a la luz el primer caso de un trabajador de Metro que falleci\u00f3 por su exposici\u00f3n al amianto mientras trabajaba para esta empresa.","robots":{"index":"index","follow":"follow","max-snippet":"max-snippet:-1","max-image-preview":"max-image-preview:large","max-video-preview":"max-video-preview:-1"},"canonical":"https:\/\/www.opamianto.com\/blog\/amianto\/estamos-expuestos-los-usuarios-de-metro-al-amianto\/","og_locale":"es_ES","og_type":"article","og_title":"\u00bfEstamos expuestos los usuarios de Metro al amianto? - Opamianto Blog","og_description":"Hace unos meses, sali\u00f3 a la luz el primer caso de un trabajador de Metro que falleci\u00f3 por su exposici\u00f3n al amianto mientras trabajaba para esta empresa.","og_url":"https:\/\/www.opamianto.com\/blog\/amianto\/estamos-expuestos-los-usuarios-de-metro-al-amianto\/","og_site_name":"Opamianto Blog","article_published_time":"2019-07-05T11:41:29+00:00","article_modified_time":"2026-04-28T09:17:02+00:00","og_image":[{"width":800,"height":450,"url":"https:\/\/www.opamianto.com\/blog\/wp-content\/uploads\/2019\/07\/metro-amianto-madrid.jpg","type":"image\/jpeg"}],"author":"Opamianto","twitter_card":"summary_large_image","twitter_misc":{"Escrito por":"Opamianto","Tiempo de lectura":"4 minutos"},"schema":{"@context":"https:\/\/schema.org","@graph":[{"@type":"Article","@id":"https:\/\/www.opamianto.com\/blog\/amianto\/estamos-expuestos-los-usuarios-de-metro-al-amianto\/#article","isPartOf":{"@id":"https:\/\/www.opamianto.com\/blog\/amianto\/estamos-expuestos-los-usuarios-de-metro-al-amianto\/"},"author":{"name":"Opamianto","@id":"https:\/\/www.opamianto.com\/blog\/#\/schema\/person\/9d386fcadb23d1b92ef8509d839ac5a3"},"headline":"\u00bfEstamos expuestos los usuarios de Metro al amianto?","datePublished":"2019-07-05T11:41:29+00:00","dateModified":"2026-04-28T09:17:02+00:00","mainEntityOfPage":{"@id":"https:\/\/www.opamianto.com\/blog\/amianto\/estamos-expuestos-los-usuarios-de-metro-al-amianto\/"},"wordCount":850,"image":{"@id":"https:\/\/www.opamianto.com\/blog\/amianto\/estamos-expuestos-los-usuarios-de-metro-al-amianto\/#primaryimage"},"thumbnailUrl":"https:\/\/www.opamianto.com\/blog\/wp-content\/uploads\/2019\/07\/metro-amianto-madrid.jpg","articleSection":["Amianto"],"inLanguage":"es"},{"@type":"WebPage","@id":"https:\/\/www.opamianto.com\/blog\/amianto\/estamos-expuestos-los-usuarios-de-metro-al-amianto\/","url":"https:\/\/www.opamianto.com\/blog\/amianto\/estamos-expuestos-los-usuarios-de-metro-al-amianto\/","name":"\u00bfEstamos expuestos los usuarios de Metro al amianto? - Opamianto Blog","isPartOf":{"@id":"https:\/\/www.opamianto.com\/blog\/#website"},"primaryImageOfPage":{"@id":"https:\/\/www.opamianto.com\/blog\/amianto\/estamos-expuestos-los-usuarios-de-metro-al-amianto\/#primaryimage"},"image":{"@id":"https:\/\/www.opamianto.com\/blog\/amianto\/estamos-expuestos-los-usuarios-de-metro-al-amianto\/#primaryimage"},"thumbnailUrl":"https:\/\/www.opamianto.com\/blog\/wp-content\/uploads\/2019\/07\/metro-amianto-madrid.jpg","datePublished":"2019-07-05T11:41:29+00:00","dateModified":"2026-04-28T09:17:02+00:00","author":{"@id":"https:\/\/www.opamianto.com\/blog\/#\/schema\/person\/9d386fcadb23d1b92ef8509d839ac5a3"},"description":"Hace unos meses, sali\u00f3 a la luz el primer caso de un trabajador de Metro que falleci\u00f3 por su exposici\u00f3n al amianto mientras trabajaba para esta empresa.","breadcrumb":{"@id":"https:\/\/www.opamianto.com\/blog\/amianto\/estamos-expuestos-los-usuarios-de-metro-al-amianto\/#breadcrumb"},"inLanguage":"es","potentialAction":[{"@type":"ReadAction","target":["https:\/\/www.opamianto.com\/blog\/amianto\/estamos-expuestos-los-usuarios-de-metro-al-amianto\/"]}]},{"@type":"ImageObject","inLanguage":"es","@id":"https:\/\/www.opamianto.com\/blog\/amianto\/estamos-expuestos-los-usuarios-de-metro-al-amianto\/#primaryimage","url":"https:\/\/www.opamianto.com\/blog\/wp-content\/uploads\/2019\/07\/metro-amianto-madrid.jpg","contentUrl":"https:\/\/www.opamianto.com\/blog\/wp-content\/uploads\/2019\/07\/metro-amianto-madrid.jpg","width":800,"height":450,"caption":"Amianto metro Madrid"},{"@type":"BreadcrumbList","@id":"https:\/\/www.opamianto.com\/blog\/amianto\/estamos-expuestos-los-usuarios-de-metro-al-amianto\/#breadcrumb","itemListElement":[{"@type":"ListItem","position":1,"name":"Portada","item":"https:\/\/www.opamianto.com\/blog\/"},{"@type":"ListItem","position":2,"name":"\u00bfEstamos expuestos los usuarios de Metro al amianto?"}]},{"@type":"WebSite","@id":"https:\/\/www.opamianto.com\/blog\/#website","url":"https:\/\/www.opamianto.com\/blog\/","name":"Opamianto Blog","description":"Otro sitio realizado con WordPress","potentialAction":[{"@type":"SearchAction","target":{"@type":"EntryPoint","urlTemplate":"https:\/\/www.opamianto.com\/blog\/?s={search_term_string}"},"query-input":{"@type":"PropertyValueSpecification","valueRequired":true,"valueName":"search_term_string"}}],"inLanguage":"es"},{"@type":"Person","@id":"https:\/\/www.opamianto.com\/blog\/#\/schema\/person\/9d386fcadb23d1b92ef8509d839ac5a3","name":"Opamianto","url":"https:\/\/www.opamianto.com\/blog\/author\/opamianto\/"}]}},"_links":{"self":[{"href":"https:\/\/www.opamianto.com\/blog\/wp-json\/wp\/v2\/posts\/63","targetHints":{"allow":["GET"]}}],"collection":[{"href":"https:\/\/www.opamianto.com\/blog\/wp-json\/wp\/v2\/posts"}],"about":[{"href":"https:\/\/www.opamianto.com\/blog\/wp-json\/wp\/v2\/types\/post"}],"author":[{"embeddable":true,"href":"https:\/\/www.opamianto.com\/blog\/wp-json\/wp\/v2\/users\/1"}],"replies":[{"embeddable":true,"href":"https:\/\/www.opamianto.com\/blog\/wp-json\/wp\/v2\/comments?post=63"}],"version-history":[{"count":9,"href":"https:\/\/www.opamianto.com\/blog\/wp-json\/wp\/v2\/posts\/63\/revisions"}],"predecessor-version":[{"id":100,"href":"https:\/\/www.opamianto.com\/blog\/wp-json\/wp\/v2\/posts\/63\/revisions\/100"}],"wp:featuredmedia":[{"embeddable":true,"href":"https:\/\/www.opamianto.com\/blog\/wp-json\/wp\/v2\/media\/64"}],"wp:attachment":[{"href":"https:\/\/www.opamianto.com\/blog\/wp-json\/wp\/v2\/media?parent=63"}],"wp:term":[{"taxonomy":"category","embeddable":true,"href":"https:\/\/www.opamianto.com\/blog\/wp-json\/wp\/v2\/categories?post=63"},{"taxonomy":"post_tag","embeddable":true,"href":"https:\/\/www.opamianto.com\/blog\/wp-json\/wp\/v2\/tags?post=63"}],"curies":[{"name":"wp","href":"https:\/\/api.w.org\/{rel}","templated":true}]}}