{"id":226,"date":"2020-12-10T11:35:52","date_gmt":"2020-12-10T10:35:52","guid":{"rendered":"https:\/\/www.opamianto.com\/blog\/?p=226"},"modified":"2026-04-28T11:16:21","modified_gmt":"2026-04-28T09:16:21","slug":"perspectiva-general-del-cancer","status":"publish","type":"post","link":"https:\/\/www.opamianto.com\/blog\/amianto\/perspectiva-general-del-cancer\/","title":{"rendered":"Perspectiva general del c\u00e1ncer"},"content":{"rendered":"<p class=\"texto\" style=\"text-align: justify; line-height: 13.5pt; background: white; margin: 7.5pt 18.75pt 5.0pt 18.75pt;\"><span style=\"font-size: 9.0pt; font-family: 'Arial',sans-serif; color: #4f4f4f;\">Hay m\u00e1s de 100 enfermedades que se cobijan debajo del paraguas del c\u00e1ncer. El com\u00fan denominador de todas es una divisi\u00f3n anormal de las c\u00e9lulas \u2013las c\u00e9lulas malignas son las que crecen sin control. Se sabe que la divisi\u00f3n celular es un proceso importante del cuerpo que permite crecer y reparar los da\u00f1os causados, cuando el ADN que controla la divisi\u00f3n de las c\u00e9lulas falla, el c\u00e1ncer entra en escena. Estas c\u00e9lulas cancer\u00edgenas invaden a otras y a tejidos sanos, algo que las c\u00e9lulas sanas no hacen.<\/span><\/p>\n<h1 style=\"text-align: justify; background: white; margin: 5.0pt 18.75pt 0cm 18.75pt;\"><span style=\"font-size: 16.5pt; font-family: 'Arial',sans-serif; color: #29717f; font-weight: normal;\">Causas<\/span><\/h1>\n<p class=\"texto\" style=\"text-align: justify; line-height: 13.5pt; background: white; margin: 7.5pt 18.75pt 5.0pt 18.75pt;\"><span style=\"font-size: 9.0pt; font-family: 'Arial',sans-serif; color: #4f4f4f;\">Los da\u00f1os a las c\u00e9lulas de ADN causan que este se replique en vez de morir cuando no es necesario, creando con ello m\u00e1s c\u00e9lulas que contienen ADN da\u00f1ado. Hay muchas causas para este da\u00f1o, desde malformaciones gen\u00e9ticas hasta causas ambientales como fumar o una exposici\u00f3n al amianto.<\/span><\/p>\n<p class=\"texto\" style=\"text-align: justify; line-height: 13.5pt; background: white; margin: 7.5pt 18.75pt 5.0pt 18.75pt;\"><span style=\"font-size: 9.0pt; font-family: 'Arial',sans-serif; color: #4f4f4f;\">Sin embargo, la causa no siempre se conoce. Si las c\u00e9lulas cancer\u00edgenas se esparcen a otras partes del cuerpo como la sangre o los n\u00f3dulos linf\u00e1ticos, se dice que hay met\u00e1stasis Esto es normalmente un signo de que el c\u00e1ncer est\u00e1 en sus \u00faltimas etapas, lo que hace a la enfermedad m\u00e1s dif\u00edcil de tratar.<\/span><\/p>\n<p style=\"text-align: justify; line-height: 13.5pt; background: white; margin: 7.5pt 18.75pt 5.0pt 18.75pt;\"><span style=\"font-size: 9.0pt; font-family: 'Arial',sans-serif; color: #4f4f4f;\">Aunque com\u00fanmente se hable de manera indistinta de tumor y de c\u00e1ncer, estas palabras hacen referencia a dos cosas distintas: no todos los c\u00e1nceres causan un tumor ni todos los tumores son cancer\u00edgenos. La leucemia por ejemplo hace que las c\u00e9lulas cancer\u00edgenas pasen a la sangre y a los \u00f3rganos que la segregan como la m\u00e9dula pero no forma un tumor. Los tumores benignos no son cancer\u00edgenos y no invaden a otros tejidos. Sin embargo, un tumor benigno puede causar problemas de salud si crece y presiona a otros \u00f3rganos interfiriendo en la funci\u00f3n de estos.<\/span><\/p>\n<h1 style=\"text-align: justify; background: white; margin: 5.0pt 18.75pt 0cm 18.75pt;\"><span style=\"font-size: 16.5pt; font-family: 'Arial',sans-serif; color: #29717f; font-weight: normal;\">Tipos de c\u00e1ncer<\/span><\/h1>\n<p class=\"texto\" style=\"text-align: justify; line-height: 13.5pt; background: white; margin: 7.5pt 18.75pt 5.0pt 18.75pt;\"><span style=\"font-size: 9.0pt; font-family: 'Arial',sans-serif; color: #4f4f4f;\">El c\u00e1ncer puede ser dividido en distintas categor\u00edas seg\u00fan la localizaci\u00f3n donde se originan. Los carcinomas son c\u00e1nceres que empiezan en la piel o en la membrana de los \u00f3rganos internos, mientras que los sarcomas son aquellos que empiezan en los huesos, cart\u00edlagos, en la sangre, en el intestino grueso y en otros tejidos conectados. La leucemia tal y como hemos dicho antes, empieza en los tejidos que fabrican la sangre y el linfoma y el mieloma son c\u00e1nceres de los tejidos y \u00f3rganos del sistema inmunitario. Finalmente, los c\u00e1nceres del sistema central nervioso son aquellos que se desarrollan en el cerebro y en el cord\u00f3n espinal.<\/span><\/p>\n<p class=\"texto\" style=\"text-align: justify; line-height: 13.5pt; background: white; margin: 7.5pt 18.75pt 5.0pt 18.75pt;\"><span style=\"font-size: 9.0pt; font-family: 'Arial',sans-serif; color: #4f4f4f;\">Desafortunadamente el c\u00e1ncer se ha convertido en un fen\u00f3meno extremadamente com\u00fan. La Sociedad Americana del C\u00e1ncer prev\u00e9 que un tercio de las mujeres y la mitad de los hombres en EEUU desarrollar\u00e1 un c\u00e1ncer en un momento de su vida. De acuerdo con el Instituto Nacional de C\u00e1ncer m\u00e1s de 1\u20195 millones de c\u00e1nceres, sin incluir el melanoma, fueron diagnosticados en 2.010 y 569.490 personas murieron de c\u00e1ncer. Los factores de riesgo var\u00edan de regi\u00f3n en regi\u00f3n al igual que de persona a persona. Los factores de riesgo conocidos incluyen fumar, beber en exceso, estar expuestos a rayos ultravioletas y a los rayos del sol y una dieta pobre.<\/span><\/p>\n","protected":false},"excerpt":{"rendered":"<p>Hay m\u00e1s de 100 enfermedades que se cobijan debajo del paraguas del c\u00e1ncer. El com\u00fan denominador de todas es una divisi\u00f3n anormal de las c\u00e9lulas \u2013las c\u00e9lulas malignas son las que crecen sin control. Se sabe que la divisi\u00f3n celular es un proceso importante del cuerpo que permite crecer y <a href=\"https:\/\/www.opamianto.com\/blog\/amianto\/perspectiva-general-del-cancer\/\"> [&#8230;]<\/a><\/p>\n","protected":false},"author":1,"featured_media":127,"comment_status":"closed","ping_status":"closed","sticky":false,"template":"","format":"standard","meta":{"footnotes":""},"categories":[4,5],"tags":[],"class_list":["post-226","post","type-post","status-publish","format-standard","has-post-thumbnail","hentry","category-amianto","category-mesotelioma"],"yoast_head":"<!-- This site is optimized with the Yoast SEO plugin v27.5 - https:\/\/yoast.com\/product\/yoast-seo-wordpress\/ -->\n<title>Perspectiva general del c\u00e1ncer - Opamianto Blog<\/title>\n<meta name=\"robots\" content=\"index, follow, max-snippet:-1, max-image-preview:large, max-video-preview:-1\" \/>\n<link rel=\"canonical\" href=\"https:\/\/www.opamianto.com\/blog\/amianto\/perspectiva-general-del-cancer\/\" \/>\n<meta property=\"og:locale\" content=\"es_ES\" \/>\n<meta property=\"og:type\" content=\"article\" \/>\n<meta property=\"og:title\" content=\"Perspectiva general del c\u00e1ncer - Opamianto Blog\" \/>\n<meta property=\"og:description\" content=\"Hay m\u00e1s de 100 enfermedades que se cobijan debajo del paraguas del c\u00e1ncer. El com\u00fan denominador de todas es una divisi\u00f3n anormal de las c\u00e9lulas \u2013las c\u00e9lulas malignas son las que crecen sin control. Se sabe que la divisi\u00f3n celular es un proceso importante del cuerpo que permite crecer y [...]\" \/>\n<meta property=\"og:url\" content=\"https:\/\/www.opamianto.com\/blog\/amianto\/perspectiva-general-del-cancer\/\" \/>\n<meta property=\"og:site_name\" content=\"Opamianto Blog\" \/>\n<meta property=\"article:published_time\" content=\"2020-12-10T10:35:52+00:00\" \/>\n<meta property=\"article:modified_time\" content=\"2026-04-28T09:16:21+00:00\" \/>\n<meta property=\"og:image\" content=\"https:\/\/www.opamianto.com\/blog\/wp-content\/uploads\/2019\/07\/iStock_000001355631XSmall.jpg\" \/>\n\t<meta property=\"og:image:width\" content=\"425\" \/>\n\t<meta property=\"og:image:height\" content=\"282\" \/>\n\t<meta property=\"og:image:type\" content=\"image\/jpeg\" \/>\n<meta name=\"author\" content=\"Opamianto\" \/>\n<meta name=\"twitter:card\" content=\"summary_large_image\" \/>\n<meta name=\"twitter:label1\" content=\"Escrito por\" \/>\n\t<meta name=\"twitter:data1\" content=\"Opamianto\" \/>\n\t<meta name=\"twitter:label2\" content=\"Tiempo de lectura\" \/>\n\t<meta name=\"twitter:data2\" content=\"3 minutos\" \/>\n<script type=\"application\/ld+json\" class=\"yoast-schema-graph\">{\"@context\":\"https:\\\/\\\/schema.org\",\"@graph\":[{\"@type\":\"Article\",\"@id\":\"https:\\\/\\\/www.opamianto.com\\\/blog\\\/amianto\\\/perspectiva-general-del-cancer\\\/#article\",\"isPartOf\":{\"@id\":\"https:\\\/\\\/www.opamianto.com\\\/blog\\\/amianto\\\/perspectiva-general-del-cancer\\\/\"},\"author\":{\"name\":\"Opamianto\",\"@id\":\"https:\\\/\\\/www.opamianto.com\\\/blog\\\/#\\\/schema\\\/person\\\/9d386fcadb23d1b92ef8509d839ac5a3\"},\"headline\":\"Perspectiva general del c\u00e1ncer\",\"datePublished\":\"2020-12-10T10:35:52+00:00\",\"dateModified\":\"2026-04-28T09:16:21+00:00\",\"mainEntityOfPage\":{\"@id\":\"https:\\\/\\\/www.opamianto.com\\\/blog\\\/amianto\\\/perspectiva-general-del-cancer\\\/\"},\"wordCount\":568,\"image\":{\"@id\":\"https:\\\/\\\/www.opamianto.com\\\/blog\\\/amianto\\\/perspectiva-general-del-cancer\\\/#primaryimage\"},\"thumbnailUrl\":\"https:\\\/\\\/www.opamianto.com\\\/blog\\\/wp-content\\\/uploads\\\/2019\\\/07\\\/iStock_000001355631XSmall.jpg\",\"articleSection\":[\"Amianto\",\"Mesotelioma\"],\"inLanguage\":\"es\"},{\"@type\":\"WebPage\",\"@id\":\"https:\\\/\\\/www.opamianto.com\\\/blog\\\/amianto\\\/perspectiva-general-del-cancer\\\/\",\"url\":\"https:\\\/\\\/www.opamianto.com\\\/blog\\\/amianto\\\/perspectiva-general-del-cancer\\\/\",\"name\":\"Perspectiva general del c\u00e1ncer - Opamianto Blog\",\"isPartOf\":{\"@id\":\"https:\\\/\\\/www.opamianto.com\\\/blog\\\/#website\"},\"primaryImageOfPage\":{\"@id\":\"https:\\\/\\\/www.opamianto.com\\\/blog\\\/amianto\\\/perspectiva-general-del-cancer\\\/#primaryimage\"},\"image\":{\"@id\":\"https:\\\/\\\/www.opamianto.com\\\/blog\\\/amianto\\\/perspectiva-general-del-cancer\\\/#primaryimage\"},\"thumbnailUrl\":\"https:\\\/\\\/www.opamianto.com\\\/blog\\\/wp-content\\\/uploads\\\/2019\\\/07\\\/iStock_000001355631XSmall.jpg\",\"datePublished\":\"2020-12-10T10:35:52+00:00\",\"dateModified\":\"2026-04-28T09:16:21+00:00\",\"author\":{\"@id\":\"https:\\\/\\\/www.opamianto.com\\\/blog\\\/#\\\/schema\\\/person\\\/9d386fcadb23d1b92ef8509d839ac5a3\"},\"breadcrumb\":{\"@id\":\"https:\\\/\\\/www.opamianto.com\\\/blog\\\/amianto\\\/perspectiva-general-del-cancer\\\/#breadcrumb\"},\"inLanguage\":\"es\",\"potentialAction\":[{\"@type\":\"ReadAction\",\"target\":[\"https:\\\/\\\/www.opamianto.com\\\/blog\\\/amianto\\\/perspectiva-general-del-cancer\\\/\"]}]},{\"@type\":\"ImageObject\",\"inLanguage\":\"es\",\"@id\":\"https:\\\/\\\/www.opamianto.com\\\/blog\\\/amianto\\\/perspectiva-general-del-cancer\\\/#primaryimage\",\"url\":\"https:\\\/\\\/www.opamianto.com\\\/blog\\\/wp-content\\\/uploads\\\/2019\\\/07\\\/iStock_000001355631XSmall.jpg\",\"contentUrl\":\"https:\\\/\\\/www.opamianto.com\\\/blog\\\/wp-content\\\/uploads\\\/2019\\\/07\\\/iStock_000001355631XSmall.jpg\",\"width\":425,\"height\":282},{\"@type\":\"BreadcrumbList\",\"@id\":\"https:\\\/\\\/www.opamianto.com\\\/blog\\\/amianto\\\/perspectiva-general-del-cancer\\\/#breadcrumb\",\"itemListElement\":[{\"@type\":\"ListItem\",\"position\":1,\"name\":\"Portada\",\"item\":\"https:\\\/\\\/www.opamianto.com\\\/blog\\\/\"},{\"@type\":\"ListItem\",\"position\":2,\"name\":\"Perspectiva general del c\u00e1ncer\"}]},{\"@type\":\"WebSite\",\"@id\":\"https:\\\/\\\/www.opamianto.com\\\/blog\\\/#website\",\"url\":\"https:\\\/\\\/www.opamianto.com\\\/blog\\\/\",\"name\":\"Opamianto Blog\",\"description\":\"Otro sitio realizado con WordPress\",\"potentialAction\":[{\"@type\":\"SearchAction\",\"target\":{\"@type\":\"EntryPoint\",\"urlTemplate\":\"https:\\\/\\\/www.opamianto.com\\\/blog\\\/?s={search_term_string}\"},\"query-input\":{\"@type\":\"PropertyValueSpecification\",\"valueRequired\":true,\"valueName\":\"search_term_string\"}}],\"inLanguage\":\"es\"},{\"@type\":\"Person\",\"@id\":\"https:\\\/\\\/www.opamianto.com\\\/blog\\\/#\\\/schema\\\/person\\\/9d386fcadb23d1b92ef8509d839ac5a3\",\"name\":\"Opamianto\",\"url\":\"https:\\\/\\\/www.opamianto.com\\\/blog\\\/author\\\/opamianto\\\/\"}]}<\/script>\n<!-- \/ Yoast SEO plugin. -->","yoast_head_json":{"title":"Perspectiva general del c\u00e1ncer - Opamianto Blog","robots":{"index":"index","follow":"follow","max-snippet":"max-snippet:-1","max-image-preview":"max-image-preview:large","max-video-preview":"max-video-preview:-1"},"canonical":"https:\/\/www.opamianto.com\/blog\/amianto\/perspectiva-general-del-cancer\/","og_locale":"es_ES","og_type":"article","og_title":"Perspectiva general del c\u00e1ncer - Opamianto Blog","og_description":"Hay m\u00e1s de 100 enfermedades que se cobijan debajo del paraguas del c\u00e1ncer. El com\u00fan denominador de todas es una divisi\u00f3n anormal de las c\u00e9lulas \u2013las c\u00e9lulas malignas son las que crecen sin control. Se sabe que la divisi\u00f3n celular es un proceso importante del cuerpo que permite crecer y [...]","og_url":"https:\/\/www.opamianto.com\/blog\/amianto\/perspectiva-general-del-cancer\/","og_site_name":"Opamianto Blog","article_published_time":"2020-12-10T10:35:52+00:00","article_modified_time":"2026-04-28T09:16:21+00:00","og_image":[{"width":425,"height":282,"url":"https:\/\/www.opamianto.com\/blog\/wp-content\/uploads\/2019\/07\/iStock_000001355631XSmall.jpg","type":"image\/jpeg"}],"author":"Opamianto","twitter_card":"summary_large_image","twitter_misc":{"Escrito por":"Opamianto","Tiempo de lectura":"3 minutos"},"schema":{"@context":"https:\/\/schema.org","@graph":[{"@type":"Article","@id":"https:\/\/www.opamianto.com\/blog\/amianto\/perspectiva-general-del-cancer\/#article","isPartOf":{"@id":"https:\/\/www.opamianto.com\/blog\/amianto\/perspectiva-general-del-cancer\/"},"author":{"name":"Opamianto","@id":"https:\/\/www.opamianto.com\/blog\/#\/schema\/person\/9d386fcadb23d1b92ef8509d839ac5a3"},"headline":"Perspectiva general del c\u00e1ncer","datePublished":"2020-12-10T10:35:52+00:00","dateModified":"2026-04-28T09:16:21+00:00","mainEntityOfPage":{"@id":"https:\/\/www.opamianto.com\/blog\/amianto\/perspectiva-general-del-cancer\/"},"wordCount":568,"image":{"@id":"https:\/\/www.opamianto.com\/blog\/amianto\/perspectiva-general-del-cancer\/#primaryimage"},"thumbnailUrl":"https:\/\/www.opamianto.com\/blog\/wp-content\/uploads\/2019\/07\/iStock_000001355631XSmall.jpg","articleSection":["Amianto","Mesotelioma"],"inLanguage":"es"},{"@type":"WebPage","@id":"https:\/\/www.opamianto.com\/blog\/amianto\/perspectiva-general-del-cancer\/","url":"https:\/\/www.opamianto.com\/blog\/amianto\/perspectiva-general-del-cancer\/","name":"Perspectiva general del c\u00e1ncer - Opamianto Blog","isPartOf":{"@id":"https:\/\/www.opamianto.com\/blog\/#website"},"primaryImageOfPage":{"@id":"https:\/\/www.opamianto.com\/blog\/amianto\/perspectiva-general-del-cancer\/#primaryimage"},"image":{"@id":"https:\/\/www.opamianto.com\/blog\/amianto\/perspectiva-general-del-cancer\/#primaryimage"},"thumbnailUrl":"https:\/\/www.opamianto.com\/blog\/wp-content\/uploads\/2019\/07\/iStock_000001355631XSmall.jpg","datePublished":"2020-12-10T10:35:52+00:00","dateModified":"2026-04-28T09:16:21+00:00","author":{"@id":"https:\/\/www.opamianto.com\/blog\/#\/schema\/person\/9d386fcadb23d1b92ef8509d839ac5a3"},"breadcrumb":{"@id":"https:\/\/www.opamianto.com\/blog\/amianto\/perspectiva-general-del-cancer\/#breadcrumb"},"inLanguage":"es","potentialAction":[{"@type":"ReadAction","target":["https:\/\/www.opamianto.com\/blog\/amianto\/perspectiva-general-del-cancer\/"]}]},{"@type":"ImageObject","inLanguage":"es","@id":"https:\/\/www.opamianto.com\/blog\/amianto\/perspectiva-general-del-cancer\/#primaryimage","url":"https:\/\/www.opamianto.com\/blog\/wp-content\/uploads\/2019\/07\/iStock_000001355631XSmall.jpg","contentUrl":"https:\/\/www.opamianto.com\/blog\/wp-content\/uploads\/2019\/07\/iStock_000001355631XSmall.jpg","width":425,"height":282},{"@type":"BreadcrumbList","@id":"https:\/\/www.opamianto.com\/blog\/amianto\/perspectiva-general-del-cancer\/#breadcrumb","itemListElement":[{"@type":"ListItem","position":1,"name":"Portada","item":"https:\/\/www.opamianto.com\/blog\/"},{"@type":"ListItem","position":2,"name":"Perspectiva general del c\u00e1ncer"}]},{"@type":"WebSite","@id":"https:\/\/www.opamianto.com\/blog\/#website","url":"https:\/\/www.opamianto.com\/blog\/","name":"Opamianto Blog","description":"Otro sitio realizado con WordPress","potentialAction":[{"@type":"SearchAction","target":{"@type":"EntryPoint","urlTemplate":"https:\/\/www.opamianto.com\/blog\/?s={search_term_string}"},"query-input":{"@type":"PropertyValueSpecification","valueRequired":true,"valueName":"search_term_string"}}],"inLanguage":"es"},{"@type":"Person","@id":"https:\/\/www.opamianto.com\/blog\/#\/schema\/person\/9d386fcadb23d1b92ef8509d839ac5a3","name":"Opamianto","url":"https:\/\/www.opamianto.com\/blog\/author\/opamianto\/"}]}},"_links":{"self":[{"href":"https:\/\/www.opamianto.com\/blog\/wp-json\/wp\/v2\/posts\/226","targetHints":{"allow":["GET"]}}],"collection":[{"href":"https:\/\/www.opamianto.com\/blog\/wp-json\/wp\/v2\/posts"}],"about":[{"href":"https:\/\/www.opamianto.com\/blog\/wp-json\/wp\/v2\/types\/post"}],"author":[{"embeddable":true,"href":"https:\/\/www.opamianto.com\/blog\/wp-json\/wp\/v2\/users\/1"}],"replies":[{"embeddable":true,"href":"https:\/\/www.opamianto.com\/blog\/wp-json\/wp\/v2\/comments?post=226"}],"version-history":[{"count":1,"href":"https:\/\/www.opamianto.com\/blog\/wp-json\/wp\/v2\/posts\/226\/revisions"}],"predecessor-version":[{"id":227,"href":"https:\/\/www.opamianto.com\/blog\/wp-json\/wp\/v2\/posts\/226\/revisions\/227"}],"wp:featuredmedia":[{"embeddable":true,"href":"https:\/\/www.opamianto.com\/blog\/wp-json\/wp\/v2\/media\/127"}],"wp:attachment":[{"href":"https:\/\/www.opamianto.com\/blog\/wp-json\/wp\/v2\/media?parent=226"}],"wp:term":[{"taxonomy":"category","embeddable":true,"href":"https:\/\/www.opamianto.com\/blog\/wp-json\/wp\/v2\/categories?post=226"},{"taxonomy":"post_tag","embeddable":true,"href":"https:\/\/www.opamianto.com\/blog\/wp-json\/wp\/v2\/tags?post=226"}],"curies":[{"name":"wp","href":"https:\/\/api.w.org\/{rel}","templated":true}]}}